{"id":623,"date":"2012-05-26T23:44:35","date_gmt":"2012-05-26T21:44:35","guid":{"rendered":"http:\/\/inorbitracing.se\/?p=623"},"modified":"2012-05-27T00:39:02","modified_gmt":"2012-05-26T22:39:02","slug":"falkenberg-rr-sm-19-205-2012","status":"publish","type":"post","link":"http:\/\/inorbitracing.se\/?p=623","title":{"rendered":"Falkenberg RR-SM 19-20\/5-2012"},"content":{"rendered":"<p><a href=\"http:\/\/inorbitracing.se\/?attachment_id=624\" rel=\"attachment wp-att-624\"><img loading=\"lazy\" class=\"alignnone size-medium wp-image-624\" title=\"IMG_1657\" src=\"http:\/\/inorbitracing.se\/wp-content\/uploads\/2012\/05\/IMG_1657-450x313.jpg\" alt=\"\" width=\"450\" height=\"313\" srcset=\"http:\/\/inorbitracing.se\/wp-content\/uploads\/2012\/05\/IMG_1657-450x313.jpg 450w, http:\/\/inorbitracing.se\/wp-content\/uploads\/2012\/05\/IMG_1657-1024x714.jpg 1024w\" sizes=\"(max-width: 450px) 100vw, 450px\" \/><\/a><\/p>\n<p>Jod\u00e5, det finns plats f\u00f6r fler<\/p>\n<p><a href=\"http:\/\/inorbitracing.se\/?attachment_id=363\" rel=\"attachment wp-att-363\"><img loading=\"lazy\" class=\"alignnone size-medium wp-image-363\" title=\"falkenberg banskiss\" src=\"http:\/\/inorbitracing.se\/wp-content\/uploads\/2012\/02\/falkenberg-banskiss-450x206.gif\" alt=\"\" width=\"450\" height=\"206\" srcset=\"http:\/\/inorbitracing.se\/wp-content\/uploads\/2012\/02\/falkenberg-banskiss-450x206.gif 450w, http:\/\/inorbitracing.se\/wp-content\/uploads\/2012\/02\/falkenberg-banskiss.gif 960w\" sizes=\"(max-width: 450px) 100vw, 450px\" \/><\/a><\/p>\n<p><strong>Torsdag, resa.<\/strong><\/p>\n<p><strong><\/strong>\u00a0<\/p>\n<p>R\u00f6d dag s\u00e5 jag beh\u00f6vde inte ta ledigt fr\u00e5n jobbet f\u00f6r att hinna packa och fixa allt<\/p>\n<p>som ska fixas innan avresa.<\/p>\n<p>K J\u00b4s Husvagnsuthyrning hade st\u00e4llt en vagn till v\u00e5rt f\u00f6rfogande under helgen s\u00e5<\/p>\n<p>vi skulle bo torrt och varmt iaf. s\u00e5 den \u00e5kte vi och h\u00e4mtade direkt allt var lastat.<\/p>\n<p>&nbsp;<\/p>\n<p>Kopplar p\u00e5 vagnen och rullar ner\u00e5t och allt g\u00e5r som det ska \u00e4nda tills vi b\u00f6rjar<\/p>\n<p>n\u00e4rma oss Falkenberg, vilken avfart var det nu d\u00e5&#8230;.?<\/p>\n<p>&nbsp;<\/p>\n<p>Var ju h\u00e4r f\u00f6r 2\u00e5r sen och har ett starkt minne, ivrigt p\u00e5hejat av Linda, att det skulle<\/p>\n<p>st\u00e5 skyltat &#8220;motorstadion&#8221; \u00e4nda fr\u00e5n E6:an&#8230;&#8230;..gjorde det ju inte&#8230;&#8230;<\/p>\n<p>&nbsp;<\/p>\n<p>Vid 3:e avfarten sv\u00e4nger jag av och tar och googlar fram en v\u00e4gbeskrivning, &#8220;sv\u00e4ng<\/p>\n<p>av mot Ullared&#8221; stod det, hmmm, var v\u00e4l f\u00f6rra avfarten det.<\/p>\n<p>N\u00e5ja, tillbaka och ta r\u00e4tt avfart, in till samh\u00e4llet och handla lite proviant f\u00f6rst<\/p>\n<p>sen ut till banan, v\u00e4l framme stannar vi till vid sekreteriatet s\u00e5 jag kan skriva in<\/p>\n<p>mig och betala f\u00f6r fredagstr\u00e4ningen men det ville inte dom, skulle st\u00e4ngt f\u00f6r en<\/p>\n<p>halvtimme sen sa dom\u00a0och tyckte det var nog nu s\u00e5 dom \u00f6nskade mig v\u00e4lkommen<\/p>\n<p>tillbaka i morgon.<\/p>\n<p>\u00c5ker in och parkerar vagnen och b\u00f6rjar lasta ur allt in i boxen vi hyrt en plats i,<\/p>\n<p>alla k\u00e5por \u00e4r l\u00f6sa och &#8220;vackert&#8221; nyspacklade efter Anderstorpfad\u00e4sen s\u00e5 jag s\u00e4tter<\/p>\n<p>ig\u00e5ng med att montera ihop hojen s\u00e5 allt aka vara klart inf\u00f6r fredagstr\u00e4ningen.<\/p>\n<p>&nbsp;<\/p>\n<p>N\u00e4r jag ska s\u00e4tta p\u00e5 mitt nya k\u00e5pglas ser jag att jag f\u00e5tt en i nederkant snyggt<\/p>\n<p>lackad k\u00e5pa med R6 logga och lite svart f\u00e4rg, snygga veck l\u00e4ngs sidan med,<\/p>\n<p>mitt i kamera linjen&#8230;&#8230;krockar ju inte alls med mina filmarambitioner det&#8230;..<\/p>\n<p>skitsamma, f\u00e5r duga \u00e4nd\u00e5 tills vidare s\u00e5 snor jag tjejens k\u00e5pglas tills n\u00e4sta race ist\u00e4llet. \ud83d\ude42<\/p>\n<p>&nbsp;<\/p>\n<p>S\u00e5, lite k\u00e4k sen i s\u00e4ng, tittar skeptiskt p\u00e5 termostaten och s\u00e4tter den till slut p\u00e5<\/p>\n<p>22grader&#8230;..undrar om detta funkar&#8230;&#8230;<\/p>\n<p>Vaknar s\u00e5klart mitt i natten och tror jag ska drunkna n\u00e4r jag uppt\u00e4cker att det<\/p>\n<p>bara \u00e4r jag som \u00e4r lite svettig i v\u00e5r bakugn&#8230;&#8230;.det h\u00e4r med v\u00e4rme i husvagn \u00e4r<\/p>\n<p>inte min grej allts\u00e5!<\/p>\n<p><strong>Fredagstr\u00e4ning<\/strong><\/p>\n<p><strong><\/strong>\u00a0<\/p>\n<p>Vaknar upp och \u00e4r redan varm, gott, slipper ju b\u00f6rja med att v\u00e4rma upp iaf. \ud83d\ude42<\/p>\n<p>K\u00e4kar lite frukost och g\u00e5r dagen till \u00e4ra ut och h\u00e4nger p\u00e5 min actionkamera, f\u00e5r se<\/p>\n<p>hur det blir genom mitt k\u00e5pglas&#8230;..<\/p>\n<p>P\u00e5 med v\u00e4rmarna och sen \u00e4r det bara att v\u00e4nta, kommer p\u00e5 n\u00e4r det b\u00f6rjar n\u00e4rma<\/p>\n<p>sig en halvtimme kvar att det var v\u00e4l n\u00e5got jag skulle gjort ig\u00e5r som inte blev av?<\/p>\n<p>&nbsp;<\/p>\n<p>Just ja, inskrivning och framf\u00f6rallt betala f\u00f6r tr\u00e4ningen, stressa iv\u00e4g och fixa!<\/p>\n<p>Sekreteriatet ligger ju inte direkt i anslutning till boxarna s\u00e5 det blev bussen<\/p>\n<p>f\u00f6r jag skulle hinna med att byta om sen innan utsl\u00e4pp, gick bra med n\u00e5gra<\/p>\n<p>minuter till godo. \ud83d\ude42<\/p>\n<p>&nbsp;<\/p>\n<p>D\u00e5 detta \u00e4r en bana jag bara varit p\u00e5 en g\u00e5ng tidigare f\u00f6r\u00a02\u00e5r sen p\u00e5 Lindas nya<\/p>\n<p>hoj(g\u00e5tt 18mil d\u00e5&#8230;)och vi delade den dagen, h\u00f6ll p\u00e5 att l\u00e4gga den ut p\u00e5 andra varvet<\/p>\n<p>s\u00e5 efter det s\u00e5 vart jag lite f\u00f6rsiktig&#8230;, s\u00e5 har jag ingen uppfattning om n\u00e4r-var-hur man<\/p>\n<p>sv\u00e4nger eller bromsar\/gasar s\u00e5 jag har lite att jobba med, tar det lite lugnt och k\u00e4nner<\/p>\n<p>in banan lite och m\u00e4rker snart att den inte passar mig alls, f\u00e5r inget flyt och har sv\u00e5rt<\/p>\n<p>att hitta r\u00e4tt n\u00e4r jag ska styra in.<\/p>\n<p>Tur den \u00e4r s\u00e5 kort iaf. s\u00e5 man hinner n\u00e5gra varv p\u00e5 ett pass och har en rimlig chans att<\/p>\n<p>l\u00e4ra in den hyfsat&#8230;&#8230;b\u00f6rjar i slutet av passet k\u00e4nna mig lite s\u00e4krare p\u00e5 banstr\u00e4ckningen<\/p>\n<p>och b\u00f6rjar bli lite b\u00e4ttre ordning p\u00e5 k\u00f6rningen.<\/p>\n<p><a href=\"http:\/\/inorbitracing.se\/?attachment_id=625\" rel=\"attachment wp-att-625\"><img loading=\"lazy\" class=\"alignnone size-medium wp-image-625\" title=\"IMG_1009\" src=\"http:\/\/inorbitracing.se\/wp-content\/uploads\/2012\/05\/IMG_1009-450x241.jpg\" alt=\"\" width=\"450\" height=\"241\" srcset=\"http:\/\/inorbitracing.se\/wp-content\/uploads\/2012\/05\/IMG_1009-450x241.jpg 450w, http:\/\/inorbitracing.se\/wp-content\/uploads\/2012\/05\/IMG_1009-1024x549.jpg 1024w\" sizes=\"(max-width: 450px) 100vw, 450px\" \/><\/a><\/p>\n<p>&nbsp;<\/p>\n<p>K\u00f6r ut efter passet och ska kolla laptimern f\u00f6r att f\u00e5 ett hum om hur jag ligger<\/p>\n<p>till och f\u00e5r en tid p\u00e5 23-minuter n\u00e5gonting&#8230;&#8230;..GPS-laptimer &#8220;is the shit&#8221; f\u00f6rutsatt<\/p>\n<p>man har kontakt med sateliterna&#8230;&#8230;&#8230;.Falkenbergsbanan verkar ligga i total<\/p>\n<p>radio och satelitskugga d\u00e5 det knappt g\u00e5r att f\u00e5 elektroniken att funka, skit!<\/p>\n<p>&nbsp;<\/p>\n<p>N\u00e5ja, k\u00e4ndes hyfsat i kroppen och de sektionerna jag k\u00e4nde jag hade problem<\/p>\n<p>med fick jag lite tips i dep\u00e5n hur jag skulle ta mig igenom s\u00e5 bara sikta fram\u00e5t<\/p>\n<p>mot n\u00e4sta pass och\u00a0ut och Gasa! \ud83d\ude42<\/p>\n<p><a href=\"http:\/\/inorbitracing.se\/?attachment_id=627\" rel=\"attachment wp-att-627\"><img loading=\"lazy\" class=\"alignnone size-medium wp-image-627\" title=\"IMG_1118\" src=\"http:\/\/inorbitracing.se\/wp-content\/uploads\/2012\/05\/IMG_1118-450x300.jpg\" alt=\"\" width=\"450\" height=\"300\" srcset=\"http:\/\/inorbitracing.se\/wp-content\/uploads\/2012\/05\/IMG_1118-450x300.jpg 450w, http:\/\/inorbitracing.se\/wp-content\/uploads\/2012\/05\/IMG_1118-1024x682.jpg 1024w\" sizes=\"(max-width: 450px) 100vw, 450px\" \/><\/a><\/p>\n<p>&nbsp;<\/p>\n<p>Dagen tuggade sig s\u00e5 sakteliga fram\u00e5t mot eftermiddagspasset och vis av erfarenheten<\/p>\n<p>fr\u00e5n f\u00f6rra ber jag Linda st\u00e4lla sig vid dep\u00e5muren och klocka mig n\u00e5gra varv<\/p>\n<p>s\u00e5 jag kan komma ut och f\u00e5 reda p\u00e5 hur jag ligger till, g\u00e5r ut och f\u00e5r n\u00e5gra varv<\/p>\n<p>utan n\u00e5gon v\u00e4rre trafik s\u00e5 jag k\u00e4nner att det g\u00e5r hyfsat utan att\u00a0tappa mer \u00e4n n\u00e5gon<\/p>\n<p>tiondel\u00a0p\u00e5 omk\u00f6rningarna, s\u00e5 ut och f\u00e5 tiderna.<\/p>\n<p>Linda visar mig l\u00e5ga 50tider, gott! Jag \u00e4r med hyfsat trots det \u00e4r f\u00f6rsta riktiga<\/p>\n<p>g\u00e5ngen p\u00e5 banan! \ud83d\ude42<\/p>\n<p>D\u00e4cken jag k\u00f6rt p\u00e5 \u00e4r samma som jag k\u00f6rde b\u00e4gge racen och ena kvalet med p\u00e5<\/p>\n<p>Anderstorp s\u00e5 jag k\u00e4nner mig trygg att med nya d\u00e4ck b\u00f6r jag ta en halv sekund till<\/p>\n<p>eller s\u00e5, kort bana men n\u00e5got s\u00e5dant iaf. och det b\u00f6r v\u00e4l\u00a0r\u00e4cka till 8:e plats med lite tur.<\/p>\n<p>Det \u00e4r jag isf. heln\u00f6jd med! \ud83d\ude42<\/p>\n<p>&nbsp;<\/p>\n<p>G\u00e5r ut igen och f\u00f6rs\u00f6ker hitta en sk\u00f6n k\u00e4nsla utan att f\u00f6rs\u00f6ka s\u00e4tta n\u00e5gra supertider,<\/p>\n<p>skiter i att pressa mer och b\u00f6rjar kolla den f\u00f6rv\u00e4ntade konkurrensen ist\u00e4llet f\u00f6r att<\/p>\n<p>se hur dom k\u00f6r d\u00e4r jag k\u00e4nner mig stark f\u00f6r att ev. kunna anv\u00e4nda det i racet sen.<\/p>\n<p>&nbsp;<\/p>\n<p>K\u00f6r passet ut sen in och p\u00e5 med nya d\u00e4ck inf\u00f6r morgondagens kval, \u00e5ker och k\u00e4kar<\/p>\n<p>kina idag, gott!<\/p>\n<p>Tillbaka och h\u00e4nger p\u00e5 v\u00e4rmarna och g\u00f6r allt klart f\u00f6r kvalet, snabb dusch sen i s\u00e4ng.<\/p>\n<p>St\u00e4ller ner termostaten lite innan jag l\u00e4gger mig&#8230;&#8230;.<\/p>\n<p><strong>L\u00f6rdag, kval och race 1<\/strong><\/p>\n<p><strong><\/strong>\u00a0<\/p>\n<p>Lycka, vaknar utan att simma i lakanen och utan att frysa, \u00e4ntligen lyckades jag<\/p>\n<p>st\u00e4lla v\u00e4rmen i en husvagn, seger! \ud83d\ude42<\/p>\n<p>Fan, \u00e4r detta ett d\u00e5ligt tecken tro&#8230;&#8230;..<\/p>\n<p>&nbsp;<\/p>\n<p>K\u00e4kar lite och drar runt i dep\u00e5n och l\u00e5ter tiden g\u00e5&#8230;&#8230;&#8230;l\u00e4ngsamt g\u00e5r tiden&#8230;&#8230;.<\/p>\n<p>P\u00e5 med v\u00e4rmarna och v\u00e4nta en timme sen kolla trycket, justera till r\u00e4tt och v\u00e4nta<\/p>\n<p>en 20min till sen justera igen, nu ut!<\/p>\n<p>Nu j\u00e4klar ska det kvalas!<\/p>\n<p><a href=\"http:\/\/inorbitracing.se\/?attachment_id=626\" rel=\"attachment wp-att-626\"><img loading=\"lazy\" class=\"alignnone size-medium wp-image-626\" title=\"Solo broms\" src=\"http:\/\/inorbitracing.se\/wp-content\/uploads\/2012\/05\/Solo-broms-450x282.jpg\" alt=\"\" width=\"450\" height=\"282\" srcset=\"http:\/\/inorbitracing.se\/wp-content\/uploads\/2012\/05\/Solo-broms-450x282.jpg 450w, http:\/\/inorbitracing.se\/wp-content\/uploads\/2012\/05\/Solo-broms-1024x642.jpg 1024w\" sizes=\"(max-width: 450px) 100vw, 450px\" \/><\/a><\/p>\n<p>G\u00e5r ut laddad som tusan och f\u00f6rs\u00f6ker f\u00e5 till ett snabbt varv redan p\u00e5 f\u00f6rsta<\/p>\n<p>men bommar lite i nyhemskurvan och f\u00e5r b\u00f6rja om.<\/p>\n<p>Jag k\u00f6r p\u00e5 och f\u00f6rs\u00f6ker pressa men hittar inte &#8220;den d\u00e4r sk\u00f6na k\u00e4nslan&#8221; i k\u00f6rningen,<\/p>\n<p>f\u00f6rs\u00f6ker slappna av och bara k\u00f6ra n\u00e5gra varv men har sv\u00e5rt att motivera mig och<\/p>\n<p>k\u00e4nner mig inte trygg nog att bara slappna av och k\u00f6ra fullt.<\/p>\n<p>G\u00e5r ut i dep\u00e5 och f\u00e5r domen, 50,097 och r\u00e4cker till en 11:e plats, k\u00e4nner att jag inte<\/p>\n<p>kan g\u00f6ra mer \u00e4n s\u00e5 just nu s\u00e5 jag bryter och st\u00e4ller in mig p\u00e5 race ist\u00e4llet.<\/p>\n<p>&nbsp;<\/p>\n<p>Av n\u00e5gon anledning knns det inte som det brukar n\u00e4r jag k\u00f6r men jag hittar ingen<\/p>\n<p>anledning till det s\u00e5 jag kan inte g\u00f6ra n\u00e5got \u00e5t det heller, kanske att det \u00e4r ny bana och<\/p>\n<p>att jag \u00e4r lika f\u00f6rv\u00e5nad varje g\u00e5ng jag kommer runt utan att g\u00e5 av eller kanske jag<\/p>\n<p>inte haft n\u00e5got att reta upp mig p\u00e5 s\u00e5 jag \u00e4r tillfreds med livet&#8230;&#8230;.Skit iaf.!<\/p>\n<p>Starta 11:a p\u00e5 en bana som \u00e4r tr\u00e5ng som tusan in i f\u00f6rsta b\u00f6j och sv\u00e5r som fasen<\/p>\n<p>att k\u00f6ra om p\u00e5, kan v\u00e4l aldrig g\u00e5 bra&#8230;&#8230;<\/p>\n<p>&nbsp;<\/p>\n<p>Skrotar runt lite i dep\u00e5n och kollar p\u00e5 d\u00e4cket men bryr mig inte om att v\u00e4nda det<\/p>\n<p>d\u00e5 det s\u00e5g helt ok ut, funderar p\u00e5 vad som felas men kommer inte p\u00e5 n\u00e5got,<\/p>\n<p>kollar dom andra starterna f\u00f6r att se hur l\u00e4nge startern h\u00e5ller lamporna och<\/p>\n<p>v\u00e4ntar p\u00e5 att tiden ska g\u00e5&#8230;&#8230;&#8230;.<\/p>\n<p>&nbsp;<\/p>\n<p>\u00c4ntligen dags, p\u00e5 med st\u00e4llet och Ut!<\/p>\n<p>Ingen id\u00e9 att v\u00e4nta till sista minuten, ut bara!<\/p>\n<p>Kommer till griden och st\u00e4ller upp efter warmupen, lite strul med en hoj som inte<\/p>\n<p>funkar som den ska som ska ut genom d\u00f6rren i muren sen, iv\u00e4g!<\/p>\n<p><a href=\"http:\/\/inorbitracing.se\/?attachment_id=628\" rel=\"attachment wp-att-628\"><img loading=\"lazy\" class=\"alignnone size-medium wp-image-628\" title=\"IMG_1246\" src=\"http:\/\/inorbitracing.se\/wp-content\/uploads\/2012\/05\/IMG_1246-450x237.jpg\" alt=\"\" width=\"450\" height=\"237\" srcset=\"http:\/\/inorbitracing.se\/wp-content\/uploads\/2012\/05\/IMG_1246-450x237.jpg 450w, http:\/\/inorbitracing.se\/wp-content\/uploads\/2012\/05\/IMG_1246-1024x540.jpg 1024w\" sizes=\"(max-width: 450px) 100vw, 450px\" \/><\/a><\/p>\n<p>&nbsp;<\/p>\n<p>F\u00e5r till en hyfsad start och tar mig fram, fastnar bakom ett par som k\u00e4mpar om 5:e eller 6:e<\/p>\n<p>tror jag och f\u00f6rs\u00f6ker trycka mig f\u00f6rbi n\u00e5gra g\u00e5nger men kommer inte upp l\u00e5ngt nog s\u00e5 jag<\/p>\n<p>f\u00e5r backa lite och tappar n\u00e5gra meter.<\/p>\n<p><a href=\"http:\/\/inorbitracing.se\/?attachment_id=629\" rel=\"attachment wp-att-629\"><img loading=\"lazy\" class=\"alignnone size-medium wp-image-629\" title=\"IMG_1260\" src=\"http:\/\/inorbitracing.se\/wp-content\/uploads\/2012\/05\/IMG_1260-450x259.jpg\" alt=\"\" width=\"450\" height=\"259\" srcset=\"http:\/\/inorbitracing.se\/wp-content\/uploads\/2012\/05\/IMG_1260-450x259.jpg 450w, http:\/\/inorbitracing.se\/wp-content\/uploads\/2012\/05\/IMG_1260-1024x590.jpg 1024w\" sizes=\"(max-width: 450px) 100vw, 450px\" \/><\/a><\/p>\n<p>Efter n\u00e5gra varv kommer vi ikapp en som dom framf\u00f6r l\u00e4tt kommer om men jag fastnar bakom<\/p>\n<p>ett par varv, sa jag att det \u00e4r sv\u00e5rt att k\u00f6ra om h\u00e4r?<\/p>\n<p>&nbsp;<\/p>\n<p>Bromsar mig f\u00f6rbi tillslut och jagar ikapp dom framf\u00f6r men hittar inget bra st\u00e4lle att enkelt<\/p>\n<p>komma om\u00a0och l\u00e4gger mig och vilar f\u00f6r att s\u00e4tta in en attack n\u00e4r det \u00e4r en 3-4 varv kvar ist\u00e4llet<\/p>\n<p>om inget\u00a0tillf\u00e4lle bjuds innan dess, d\u00e5 blir det r\u00f6dflagg f\u00f6r en hoj ligger lite illa till s\u00e5 det blir<\/p>\n<p>omstart n\u00e4r dom rensat banan.<\/p>\n<p>&nbsp;<\/p>\n<p>Ligger 7:a n\u00e4r det flaggas s\u00e5 jag f\u00e5r starta 7:a nu, j\u00e4klar vad jag \u00e4r laddad och t\u00e4nd nu,<\/p>\n<p>start fr\u00e5n 7:e och jag brukar komma iv\u00e4g bra fr\u00e5n plattan!<\/p>\n<p>&nbsp;<\/p>\n<p>Nu, efter r\u00f6dflagg och i racetempo var jag Inte lugn och fokuserad som jag brukar<\/p>\n<p>vara i starten, jag gjorde ist\u00e4llet en av de s\u00e4msta starter jag f\u00e5tt till, s\u00e5klart!<\/p>\n<p>Tappar n\u00e5gra platser i starten men tar tillbaka dom de f\u00f6rsta varven s\u00e5 jag \u00e4r uppe p\u00e5 7:e<\/p>\n<p>igen.<\/p>\n<p>Nu verkar det som n\u00e5got h\u00e4nde med bakd\u00e4cket under stillest\u00e5ndet innan omstarten<\/p>\n<p>f\u00f6r jag har mycket s\u00e4mre f\u00e4ste, sl\u00e4pper och kasar n\u00e4r jag l\u00e4gger p\u00e5 gas i nerl\u00e4ggen s\u00e5<\/p>\n<p>jag v\u00e5gar inte g\u00e5 p\u00e5 med full attack ur b\u00f6jarna och f\u00f6ljer bara in i m\u00e5l.<\/p>\n<p><a href=\"http:\/\/inorbitracing.se\/?attachment_id=631\" rel=\"attachment wp-att-631\"><img loading=\"lazy\" class=\"alignnone size-medium wp-image-631\" title=\"IMG_1369\" src=\"http:\/\/inorbitracing.se\/wp-content\/uploads\/2012\/05\/IMG_13691-450x304.jpg\" alt=\"\" width=\"450\" height=\"304\" srcset=\"http:\/\/inorbitracing.se\/wp-content\/uploads\/2012\/05\/IMG_13691-450x304.jpg 450w, http:\/\/inorbitracing.se\/wp-content\/uploads\/2012\/05\/IMG_13691-1024x693.jpg 1024w\" sizes=\"(max-width: 450px) 100vw, 450px\" \/><\/a><\/p>\n<p>Slutade 7:a i omstarten och 7:a totalt, en halvsekund fr\u00e5n 6:e platsen och<\/p>\n<p>mindre \u00e4n 5 fr\u00e5n 5:e, detta fr\u00e5n 11:e startposition och med en b\u00e4statid p\u00e5<\/p>\n<p>49,326 och det p\u00e5 en i princip ny bana f\u00f6r mig!\u00a0 \u00a0N\u00f6jd?\u00a0\u00a0 Gissa! \ud83d\ude42<\/p>\n<p>&nbsp;<\/p>\n<p>Knallar runt lite i dep\u00e5n och m\u00e5r ganska bra, h\u00e4mtar ut hojen och byter<\/p>\n<p>bakd\u00e4cket och sticker och k\u00e4kar en donkenmiddag, i Morgon, d\u00e5 j\u00e4klar!<\/p>\n<p>&nbsp;<\/p>\n<p>Dusch, s\u00e4ng, sova!<\/p>\n<p><strong>S\u00f6ndag, kval och race 2<\/strong><\/p>\n<p><strong><\/strong>\u00a0<\/p>\n<p>Vaknar laddad redan i s\u00e4ngen, idag har jag chansen att ta en bra placering<\/p>\n<p>om jag bara f\u00e5r till ett hyfsat kval, k\u00e4nns som jag kan f\u00e5 till det riktigt bra.<\/p>\n<p><a href=\"http:\/\/inorbitracing.se\/?attachment_id=632\" rel=\"attachment wp-att-632\"><img loading=\"lazy\" class=\"alignnone size-medium wp-image-632\" title=\"IMG_1397\" src=\"http:\/\/inorbitracing.se\/wp-content\/uploads\/2012\/05\/IMG_1397-450x348.jpg\" alt=\"\" width=\"450\" height=\"348\" srcset=\"http:\/\/inorbitracing.se\/wp-content\/uploads\/2012\/05\/IMG_1397-450x348.jpg 450w, http:\/\/inorbitracing.se\/wp-content\/uploads\/2012\/05\/IMG_1397-1024x793.jpg 1024w\" sizes=\"(max-width: 450px) 100vw, 450px\" \/><\/a><\/p>\n<p>Efter lite d\u00e4cktryckkoll och justering, k\u00e4k, kaffe och v\u00e4ntan s\u00e5 \u00e4r tiden inne,<\/p>\n<p>kvalet ska starta!<\/p>\n<p>Sticker ut och\u00a0f\u00f6rs\u00f6ker pressa men k\u00e4nner direkt att det inte st\u00e4mmer, f\u00e5r inte<\/p>\n<p>till det\u00a0och inget funkar, k\u00f6r p\u00e5 en 10 varv och \u00e5ker med en d\u00e5lig k\u00e4nsla ut<\/p>\n<p>f\u00f6r att kolla hur jag ligger till&#8230;&#8230;15:e och 49,862&#8230;&#8230;.blir sur och sticker ut och<\/p>\n<p>k\u00f6r en 5-6 varv till och tillbaka in&#8230;&#8230;\u00e4nnu s\u00e4mre tider&#8230;&#8230;VA FAN!<\/p>\n<p>Ut igen men k\u00e4nner redan p\u00e5 utvarvet att det inte funkar s\u00e5 jag k\u00f6r bara ett och<\/p>\n<p>avslutar sen, r\u00e4ckte till 16:e plats till slut p\u00e5 en bana det \u00e4r sv\u00e5rt att k\u00f6ra om p\u00e5&#8230;..Skit!<\/p>\n<p>&nbsp;<\/p>\n<p>G\u00e5r och funderar hela tiden fr\u00e5n kvalet vad det \u00e4r som inte st\u00e4mmer f\u00f6r mig<\/p>\n<p>men kommer inte fram till n\u00e5got, v\u00e4nder bakd\u00e4cket och best\u00e4mmer mig f\u00f6r att<\/p>\n<p>skita i att det \u00e4r race sen och ta det som en tr\u00e4ning ist\u00e4llet, funkar ju \u00e4nd\u00e5 inte.<\/p>\n<p>Kan ju inte g\u00e4rna bli s\u00e4mre&#8230;&#8230;<\/p>\n<p>&nbsp;<\/p>\n<p>Tiden till race f\u00f6rsvann fort denna g\u00e5ng och jag \u00e5kte ut och st\u00e4llde mig p\u00e5 griden,<\/p>\n<p>Fick till en r\u00e4tt vettig start och racehornen b\u00f6rjade v\u00e4xa ut, tror jag l\u00e5g 11 efter<\/p>\n<p>f\u00f6rsta varvet!<\/p>\n<p><a href=\"http:\/\/inorbitracing.se\/?attachment_id=633\" rel=\"attachment wp-att-633\"><img loading=\"lazy\" class=\"alignnone size-medium wp-image-633\" title=\"IMG_1417\" src=\"http:\/\/inorbitracing.se\/wp-content\/uploads\/2012\/05\/IMG_1417-450x229.jpg\" alt=\"\" width=\"450\" height=\"229\" srcset=\"http:\/\/inorbitracing.se\/wp-content\/uploads\/2012\/05\/IMG_1417-450x229.jpg 450w, http:\/\/inorbitracing.se\/wp-content\/uploads\/2012\/05\/IMG_1417-1024x522.jpg 1024w\" sizes=\"(max-width: 450px) 100vw, 450px\" \/><\/a><\/p>\n<p>\u00a0I slutet p\u00e5 rakan ut p\u00e5 3:e varvet ska jag bromsa mig om f\u00f6r 10:e och kommer<\/p>\n<p>upp bra och klipper p\u00e5 bromsen, tyv\u00e4rr hugger framhjulet i ett gupp s\u00e5 bakhjulet<\/p>\n<p>lyfter och jag f\u00e5r sl\u00e4ppa av lite, kollar in och inser att det inte kommer att funka om<\/p>\n<p>jag f\u00f6rs\u00f6ker styra in, p\u00e5 v\u00e4nster sida har jag escapen men ox\u00e5 killen jag\u00a0 just<\/p>\n<p>bromsat mig om s\u00e5 det k\u00e4nns inte ok att f\u00f6rs\u00f6ka r\u00e4dda mig men ta med honom ut<\/p>\n<p>s\u00e5 jag v\u00e4ljer det alternativet jag k\u00e4nner jag kan st\u00e5 f\u00f6r och g\u00e5r rakt \u00f6ver gr\u00e4set.<\/p>\n<p>&nbsp;<\/p>\n<p>Allt g\u00e5r fint och asfalten n\u00e4rmar sig s\u00e5 jag kan klippa p\u00e5 bromsen n\u00e4r jag f\u00e5tt asfalt<\/p>\n<p>under framhjulet igen, tyv\u00e4rr s\u00e5 klantar jag mig och bromsar&#8211; En J\u00e4la Dec f\u00f6r tidigt!<\/p>\n<p>Sl\u00e4nger upp hojen p\u00e5 asfalten och sl\u00e5r av en styrhalva och bromsgrepp och\u00a0mitt kn\u00e4 f\u00e5r<\/p>\n<p>en omg\u00e5ng av tanken n\u00e4r vi g\u00e5r i backen men\u00a0annars gick det r\u00e4tt bra.<\/p>\n<p>&nbsp;<\/p>\n<p><a title=\"Krasch\" href=\"http:\/\/www.youtube.com\/watch?v=ODA-tn7F5Bs\" target=\"_blank\">Spola fram till mitten ungef\u00e4r, d\u00e4r b\u00f6rjar racet.<\/a>\u00a0\u00a0<\/p>\n<p>&nbsp;<\/p>\n<p><a href=\"http:\/\/inorbitracing.se\/?attachment_id=634\" rel=\"attachment wp-att-634\"><img loading=\"lazy\" class=\"alignnone size-medium wp-image-634\" title=\"IMG_1423\" src=\"http:\/\/inorbitracing.se\/wp-content\/uploads\/2012\/05\/IMG_1423-450x300.jpg\" alt=\"\" width=\"450\" height=\"300\" srcset=\"http:\/\/inorbitracing.se\/wp-content\/uploads\/2012\/05\/IMG_1423-450x300.jpg 450w, http:\/\/inorbitracing.se\/wp-content\/uploads\/2012\/05\/IMG_1423-1024x682.jpg 1024w\" sizes=\"(max-width: 450px) 100vw, 450px\" \/><\/a><\/p>\n<p>&nbsp;<\/p>\n<p>Man \u00e4r s\u00e4llan ensam l\u00e4nge n\u00e4r man parkerar i f\u00f6rsta&#8230;.:)<\/p>\n<p><a href=\"http:\/\/inorbitracing.se\/?attachment_id=635\" rel=\"attachment wp-att-635\"><img loading=\"lazy\" class=\"alignnone size-medium wp-image-635\" title=\"IMG_1439\" src=\"http:\/\/inorbitracing.se\/wp-content\/uploads\/2012\/05\/IMG_1439-450x300.jpg\" alt=\"\" width=\"450\" height=\"300\" srcset=\"http:\/\/inorbitracing.se\/wp-content\/uploads\/2012\/05\/IMG_1439-450x300.jpg 450w, http:\/\/inorbitracing.se\/wp-content\/uploads\/2012\/05\/IMG_1439-1024x682.jpg 1024w\" sizes=\"(max-width: 450px) 100vw, 450px\" \/><\/a><\/p>\n<p>&nbsp;<\/p>\n<p>Ok, det var det, funderade en hel del p\u00e5 varf\u00f6r det inte funkade p\u00e5 kvalen men<\/p>\n<p>g\u00e5r hyfsat i racen och kom fram till att jag lagt en stor press p\u00e5 mig sj\u00e4lv<\/p>\n<p>att prestera ist\u00e4llet f\u00f6r att bara ta det som det kommer, ska f\u00f6rs\u00f6ka bearbeta<\/p>\n<p>bort den skiten och bara g\u00e5 ut och ha kul ist\u00e4llet. \ud83d\ude42<\/p>\n<p><a href=\"http:\/\/inorbitracing.se\/?attachment_id=636\" rel=\"attachment wp-att-636\"><img loading=\"lazy\" class=\"alignnone size-medium wp-image-636\" title=\"IMG_1442\" src=\"http:\/\/inorbitracing.se\/wp-content\/uploads\/2012\/05\/IMG_1442-450x300.jpg\" alt=\"\" width=\"450\" height=\"300\" srcset=\"http:\/\/inorbitracing.se\/wp-content\/uploads\/2012\/05\/IMG_1442-450x300.jpg 450w, http:\/\/inorbitracing.se\/wp-content\/uploads\/2012\/05\/IMG_1442-1024x682.jpg 1024w\" sizes=\"(max-width: 450px) 100vw, 450px\" \/><\/a><\/p>\n<p>Hojen skruvade jag ihop p\u00e5 m\u00e5ndag morgon p\u00e5 Geller\u00e5sen och k\u00f6rde eftermiddan<\/p>\n<p>lite stelt och kantigt, tisdagen \u00e5kte jag mest och skrattade och sladdade p\u00e5 d\u00e5liga<\/p>\n<p>d\u00e4ck, k\u00e4nns som jag \u00e4r tillbaka igen. \ud83d\ude42<\/p>\n<p>&nbsp;<\/p>\n<p>N\u00e4sta blir Knutstorp, en bana jag bara sett p\u00e5 bild innan, blir nog kul det d\u00e4r. \ud83d\ude42<\/p>\n<p>Ingen press! \ud83d\ude09<\/p>\n<p>&nbsp;<\/p>\n<p>P\u00e5 \u00e5terh\u00f6rande<\/p>\n<p>Mvh<\/p>\n<p>Henrik #13<\/p>\n","protected":false},"excerpt":{"rendered":"<p>Jod\u00e5, det finns plats f\u00f6r fler Torsdag, resa. \u00a0 R\u00f6d dag s\u00e5 jag beh\u00f6vde inte ta ledigt fr\u00e5n jobbet f\u00f6r att hinna packa och fixa allt som ska fixas innan avresa. K J\u00b4s Husvagnsuthyrning hade st\u00e4llt en vagn till v\u00e5rt f\u00f6rfogande under helgen s\u00e5 vi skulle bo torrt och varmt iaf. s\u00e5 den \u00e5kte vi [&hellip;]<\/p>\n","protected":false},"author":2,"featured_media":0,"comment_status":"open","ping_status":"open","sticky":false,"template":"","format":"standard","meta":[],"categories":[6],"tags":[],"_links":{"self":[{"href":"http:\/\/inorbitracing.se\/index.php?rest_route=\/wp\/v2\/posts\/623"}],"collection":[{"href":"http:\/\/inorbitracing.se\/index.php?rest_route=\/wp\/v2\/posts"}],"about":[{"href":"http:\/\/inorbitracing.se\/index.php?rest_route=\/wp\/v2\/types\/post"}],"author":[{"embeddable":true,"href":"http:\/\/inorbitracing.se\/index.php?rest_route=\/wp\/v2\/users\/2"}],"replies":[{"embeddable":true,"href":"http:\/\/inorbitracing.se\/index.php?rest_route=%2Fwp%2Fv2%2Fcomments&post=623"}],"version-history":[{"count":21,"href":"http:\/\/inorbitracing.se\/index.php?rest_route=\/wp\/v2\/posts\/623\/revisions"}],"predecessor-version":[{"id":657,"href":"http:\/\/inorbitracing.se\/index.php?rest_route=\/wp\/v2\/posts\/623\/revisions\/657"}],"wp:attachment":[{"href":"http:\/\/inorbitracing.se\/index.php?rest_route=%2Fwp%2Fv2%2Fmedia&parent=623"}],"wp:term":[{"taxonomy":"category","embeddable":true,"href":"http:\/\/inorbitracing.se\/index.php?rest_route=%2Fwp%2Fv2%2Fcategories&post=623"},{"taxonomy":"post_tag","embeddable":true,"href":"http:\/\/inorbitracing.se\/index.php?rest_route=%2Fwp%2Fv2%2Ftags&post=623"}],"curies":[{"name":"wp","href":"https:\/\/api.w.org\/{rel}","templated":true}]}}