{"id":1048,"date":"2015-03-21T17:37:34","date_gmt":"2015-03-21T16:37:34","guid":{"rendered":"http:\/\/inorbitracing.se\/?p=1048"},"modified":"2019-09-10T03:25:57","modified_gmt":"2019-09-10T01:25:57","slug":"sviestad-och-bikeweek-pa-gellerasen-sommaren-2014","status":"publish","type":"post","link":"http:\/\/inorbitracing.se\/?p=1048","title":{"rendered":"Sviestad och Bikeweek p\u00e5 Geller\u00e5sen, sommaren 2014"},"content":{"rendered":"<p>Dags igen d\u00e5, Sviestad denna g\u00e5ng.<\/p>\n<p><a href=\"http:\/\/inorbitracing.se\/wp-content\/uploads\/2015\/03\/IMG_8474.jpg\"><img loading=\"lazy\" class=\"alignnone size-medium wp-image-1050\" src=\"http:\/\/inorbitracing.se\/wp-content\/uploads\/2015\/03\/IMG_8474-450x300.jpg\" alt=\"IMG_8474\" width=\"450\" height=\"300\" srcset=\"http:\/\/inorbitracing.se\/wp-content\/uploads\/2015\/03\/IMG_8474-450x300.jpg 450w, http:\/\/inorbitracing.se\/wp-content\/uploads\/2015\/03\/IMG_8474-1024x683.jpg 1024w\" sizes=\"(max-width: 450px) 100vw, 450px\" \/><\/a><\/p>\n<p>&nbsp;<\/p>\n<p>Inget att skriva om, inte Bikeweek heller s\u00e5 jag sammanfattar b\u00e4gge<\/p>\n<p>lite kort h\u00e4r.<\/p>\n<p>&nbsp;<\/p>\n<p>Antingen \u00e4r jag inte b\u00e4ttre \u00e4n s\u00e5h\u00e4r eller s\u00e5 \u00e4r det n\u00e5got som g\u00f6r att<\/p>\n<p>jag inte kan f\u00e5 till det sista, oavsett s\u00e5 \u00e4r det bara att testa vidare f\u00f6r<\/p>\n<p>att f\u00e5 reda p\u00e5 vad det \u00e4r det h\u00e4nger p\u00e5.<\/p>\n<p>Att inte g\u00f6ra n\u00e5got men f\u00f6rv\u00e4nta sig ett annat resultat \u00e4r v\u00e4l det<\/p>\n<p>tydligaste tecknet p\u00e5 att vara korkad s\u00e5 jag f\u00f6rs\u00f6ker v\u00e4l med&nbsp;n\u00e5got nytt. \ud83d\ude42<\/p>\n<p>&nbsp;<\/p>\n<p>Kort sagt s\u00e5 har jag&nbsp; g\u00e5tt fr\u00e5n en h\u00e5rt satt hoj h\u00f6sten -13 till en lite mjukare<\/p>\n<p>hoj, h\u00e5rt satt var l\u00e4ttjusterat och l\u00e4tt att f\u00e5 till exakt som jag ville ha den men<\/p>\n<p>med nackdelen att f\u00e4stet blev lidande, framf\u00f6rallt \u00e4r det d\u00e4ckkontot som gjort<\/p>\n<p>att jag f\u00f6rs\u00f6kt n\u00e5got nytt men \u00e4ven feedbacken i gr\u00e4nslandet.<\/p>\n<p>&nbsp;<\/p>\n<p>Vinsten \u00e4r allts\u00e5 f\u00e4ste men f\u00f6rlusten \u00e4r f\u00f6rst\u00e5else f\u00f6r vad hojen g\u00f6r, jag &#8220;k\u00e4nner&#8221;<\/p>\n<p>inte l\u00e4ngre lika tydligt vad som h\u00e4nder och hur jag ska \u00e5tg\u00e4rda det, antingen<\/p>\n<p>m\u00e5ste jag k\u00f6ra in mig mer p\u00e5 detta eller s\u00e5 \u00e4r jag inte b\u00e4ttre \u00e4n s\u00e5h\u00e4r.<\/p>\n<p>N\u00e5v\u00e4l, bara f\u00f6rs\u00f6ka s\u00e5 g\u00e5r det v\u00e4l tillslut.<\/p>\n<p>&nbsp;<\/p>\n<p>&nbsp;<\/p>\n<p><strong>Kval<\/strong><\/p>\n<p>Kommer l\u00f6rdag morgon d\u00e5 jobb och livet i allm\u00e4nhet inte till\u00e4t n\u00e5gon<\/p>\n<p>fredagstr\u00e4ning, k\u00e4nns lite s\u00e5d\u00e4r d\u00e5 jag skulle beh\u00f6va den f\u00f6r att kunna<\/p>\n<p>f\u00e5 till n\u00e5got men samtidigt s\u00e5 \u00e4r det ingen id\u00e9 att gn\u00e4lla \u00f6ver vad som<\/p>\n<p>&#8220;kunde varit&#8221; , bara gilla l\u00e4get. \ud83d\ude42<\/p>\n<p>&nbsp;<\/p>\n<p>Kass p\u00e5 kvalet, f\u00e5r inte hojen att styra s\u00e5 jag k\u00f6rde 3,5sek l\u00e5ngsammare<\/p>\n<p>\u00e4n f\u00f6rra \u00e5ret vilket var n\u00e4st sist, som f\u00f6rv\u00e4ntat placeringsm\u00e4ssigt, men tiden&#8230;..<\/p>\n<p>&nbsp;<\/p>\n<p>Aja, bara bryta ihop och komma igen&#8230;&#8230;f\u00e5r se om det g\u00e5r att tagga till lite i racet.<\/p>\n<p>&nbsp;<\/p>\n<p><strong>Race!<\/strong><\/p>\n<p>St\u00e4ller upp och kommer iv\u00e4g bra men&nbsp; \u00e4r upphunnen och passerad innan f\u00f6rsta<\/p>\n<p>b\u00f6j, min moppe verkar sl\u00f6&#8230;..<\/p>\n<p>&nbsp;<\/p>\n<p>Har det lite tr\u00e5ngt men reder ut det, blir snart passerad av #4 Anders d\u00e5 han<\/p>\n<p>gjorde en katastrofstart och f\u00f6rs\u00f6ker h\u00e4nga p\u00e5 men fastnar bakom #15 och<\/p>\n<p>d\u00e4r blir jag kvar.<\/p>\n<p>Ser luckan fram\u00e5t v\u00e4xa men hittar ingen v\u00e4g f\u00f6rbi och snart \u00e4r motivationen<\/p>\n<p>att f\u00f6rs\u00f6ka g\u00e5 f\u00f6rbi och jaga borta, \u00e4rligt talat hade jag inte kunnat g\u00e5 med<\/p>\n<p>\u00e4nd\u00e5 men att ligga i bakhjulet p\u00e5 en snabbare s\u00e5 f\u00e5r man lite hj\u00e4lp iaf. och<\/p>\n<p>kanske kan ta ett steg upp, att k\u00f6ra sj\u00e4lv \u00e4r mycket sv\u00e5rare.<\/p>\n<p>&nbsp;<\/p>\n<p>L\u00e5g bakom #15 st\u00f6rre delen av racet, f\u00f6ll in i hans tempo och k\u00f6rstil<\/p>\n<p>och k\u00e4nde att jag inte hade s\u00e5 mycket mer idag, i slutet b\u00f6rjade han<\/p>\n<p>g\u00f6ra sm\u00e5 misstag s\u00e5 jag kunde komma om, h\u00f6ll p\u00e5 att ge tillbaka<\/p>\n<p>platsen n\u00e4r jag bromsade p\u00e5 mig efter startrakan men jag tuffade<\/p>\n<p>till mig och h\u00f6ll emot, plats tagen! \ud83d\ude42<\/p>\n<p>Gick lite tightare in resten av racet s\u00e5 han blev kvar bakom.<\/p>\n<p>&nbsp;<\/p>\n<p>Slutade n\u00e4st sist \u00f6ver en sekund l\u00e5ngsammare \u00e4n vad jag k\u00f6rde<\/p>\n<p>f\u00f6rra \u00e5ret men \u00e5tminstone drygt 2sek snabbare \u00e4n kvalet, alltid n\u00e5got&#8230;<\/p>\n<p>&nbsp;<\/p>\n<p>S\u00e5 var det med det, \u00e4nnu en dag p\u00e5 banan men ingen bra, s\u00e4mre \u00e4n<\/p>\n<p>premi\u00e4ren och fel v\u00e4g att g\u00e5, nya tag i morgon.<\/p>\n<p>&nbsp;<\/p>\n<p><strong>Kval s\u00f6ndag<\/strong><\/p>\n<p>Justerar om lite f\u00f6r att f\u00e5 han att styra in lite snabbare, k\u00e4nns<\/p>\n<p>lite b\u00e4ttre och avslutat kvalet med en halvsekund s\u00e4mre tid \u00e4n<\/p>\n<p>p\u00e5 racet ig\u00e5r, p\u00e5 samma d\u00e4ck d\u00e5 och med b\u00e4ttre k\u00e4nsla s\u00e5 det<\/p>\n<p>kanske kan funka \u00e4nd\u00e5, n\u00e4st sist d\u00e5 som vanligt&#8230;<\/p>\n<p>&nbsp;<\/p>\n<p>Bara tagga inf\u00f6r racet och p\u00e5 med nya d\u00e4ck.<\/p>\n<p>&nbsp;<\/p>\n<p><strong>Race<\/strong><\/p>\n<p>Bra start igen!<\/p>\n<p>Men passerad av de flesta innan b\u00f6j.<\/p>\n<p>&nbsp;<\/p>\n<p>Hojen k\u00e4nns b\u00e4ttre, g\u00e5r att attackera h\u00e5rdare och det k\u00e4nns som det<\/p>\n<p>g\u00e5r Fort!<\/p>\n<p>Hamnar bakom #8 Renate som \u00e4r snabb som fan i starten och tuffare<\/p>\n<p>in i b\u00f6j ut p\u00e5 bakrakan, \u00e4r lite snabbare \u00e4n henne och hojen k\u00e4nns b\u00e4ttre<\/p>\n<p>s\u00e5 om ska jag!<\/p>\n<p>Varv 3 kommer jag f\u00f6rbi och kommer upp bakom&nbsp;#15 som startat fr\u00e5n dep\u00e5n<\/p>\n<p>med kr\u00e5nglande hoj, han h\u00e5ller inte riktigt racetempo och jag tror han ska l\u00e4mna<\/p>\n<p>plats i h\u00f6gern innan torparn men n\u00e4r jag ligger d\u00e4r viker han in, kontakt!<\/p>\n<p>Inget v\u00e4rre d\u00e5, v\u00e5ra hojar klappade bara varandra lite och inga skador s\u00e5 det<\/p>\n<p>var lugnt. \ud83d\ude42<\/p>\n<p>&nbsp;<\/p>\n<p>K\u00f6r med g\u00e4nget framf\u00f6r i sikte, l\u00e5ngt fram men ser dom \u00e4nnu, luckan \u00f6kar<\/p>\n<p>tillslut s\u00e5 jag k\u00f6r ensam resten av racet men det k\u00e4nns b\u00e4ttre \u00e4n ig\u00e5r iaf. \ud83d\ude42<\/p>\n<p>&nbsp;<\/p>\n<p>Slutar n\u00e4st sist igen men nu k\u00e4ndes det iaf bra s\u00e5 alltid n\u00e5got, dock gick det<\/p>\n<p>precis lika l\u00e5ngsamt som ig\u00e5r&#8230;&#8230;<\/p>\n<p>&nbsp;<\/p>\n<p>Helgen slutade med 1 po\u00e4ng och 1 sek l\u00e5ngsammare \u00e4n f\u00f6rra \u00e5ret.<\/p>\n<p>Bara gl\u00f6mma och g\u00e5 vidare, nya experiment till bikeweek, skam den<\/p>\n<p>som ger sig! \ud83d\ude00<\/p>\n<p>&nbsp;<\/p>\n<p><strong>Bikeweek, Geller\u00e5sen.<\/strong><\/p>\n<p><strong>Tisdagstr\u00e4ning.<\/strong><\/p>\n<p>Bara ledig tisdagen d\u00e5 min semester inte b\u00f6rjar f\u00f6rr\u00e4n efter veckan,<\/p>\n<p>d\u00e5ligt planerat kanske men tyv\u00e4rr s\u00e5 har jag rullande semesterchema<\/p>\n<p>s\u00e5 detta \u00e5ret blir det s\u00e5.<\/p>\n<p>Jobbade sent p\u00e5 m\u00e5ndagsnatten med s\u00e5 jag kommer sent till tr\u00e4ningen<\/p>\n<p>och hinner inte ut f\u00f6rsta passet, 2 pass kvar d\u00e5 s\u00e5 det ska v\u00e4l vara lugnt.<\/p>\n<p>&nbsp;<\/p>\n<p>Har testat att s\u00e4tta upp hojen p\u00e5 ett nytt s\u00e4tt igen s\u00e5 jag \u00e4r b\u00e5de nyfiken<\/p>\n<p>p\u00e5 hur den ska bete sig och i behov att k\u00f6ra in mig s\u00e5 lite synd att missa<\/p>\n<p>f\u00f6rsta passet men har ju fredagstr\u00e4ningen med s\u00e5 det \u00e4r nog lugnt.<\/p>\n<p>&nbsp;<\/p>\n<p>K\u00e4nns ok men lite &#8220;tr\u00f6g&#8221; in i b\u00f6j, stabilare dock s\u00e5 \u00e4r ju \u00e5t det h\u00e5llet jag vill.<\/p>\n<p>\u00c4ndrar lite och ut sista passet, blir passerad av n\u00e5gra snabba innan tr\u00f6sen<\/p>\n<p>s\u00e5 nu f\u00e5r jag en rygg, g\u00e5r p\u00e5 lika tidigt som han framf\u00f6r men han hade nog<\/p>\n<p>friskare d\u00e4ck \u00e4n mig&#8230;&#8230;&#8230;.st\u00e4ller ut baken och sl\u00e4nger upp mig i luften!<\/p>\n<p>Blir h\u00e4ngande i styret och ramlar ner p\u00e5 insidan hojen, g\u00e5r fort&nbsp;och innan<\/p>\n<p>jag fattat vad som h\u00e4nt och b\u00f6rjat t\u00e4nka igen s\u00e5 rullar jag i gr\u00e4set p\u00e5 insidan<\/p>\n<p>banan h\u00e4ngande i styret, v\u00e5gar inte ta bromsen f\u00f6r d\u00e5 l\u00e4gger jag mig garanterat<\/p>\n<p>och n\u00e5r inte kopplingen f\u00f6r det g\u00e5r s\u00e5 fort att jag inte kan dra mig fram\u00e5t p\u00e5<\/p>\n<p>hojen.<\/p>\n<p>Tillslut sjunker farten tillr\u00e4ckligt s\u00e5 jag kan dra mig fram\u00e5t och dra in<\/p>\n<p>kopplingen och precis vid n\u00e4sta postering stannar jag och flaggisarna<\/p>\n<p>tar emot hojen och st\u00e4nger av den, Close call! \ud83d\ude00<\/p>\n<p>&nbsp;<\/p>\n<p>Bara parkera och vila passet ut, hade inte velat forts\u00e4tta d\u00e4r<\/p>\n<p>\u00e4ven om jag hade f\u00e5tt, vart lite skakig. \ud83d\ude42<\/p>\n<p>H\u00f6ll hojen p\u00e5 hjulen d\u00e5 s\u00e5 inget skadat, bara k\u00f6ra tillbaka efter passet,<\/p>\n<p>lasta, \u00e5ka hem och ladda f\u00f6r fredagen ist\u00e4llet.<\/p>\n<p>&nbsp;<\/p>\n<p><strong>Fredagstr\u00e4ning<\/strong><\/p>\n<p>&#8220;P\u00e5 v\u00e4stfronten inget nytt&#8221; kan jag sammanfatta den med,<\/p>\n<p>ungef\u00e4r som innan fast p\u00e5 ett annat s\u00e4tt, det jag tj\u00e4nar p\u00e5<\/p>\n<p>ena st\u00e4llet f\u00f6rlorar jag p\u00e5 ett annat s\u00e5 just nu \u00e4r det mer<\/p>\n<p>&#8220;skademinimering&#8221; \u00e4n att faktiskt g\u00f6ra n\u00e5got vettigt.<\/p>\n<p>B\u00f6rjar bli tomt p\u00e5 id\u00e9er&#8230;<\/p>\n<p>&nbsp;<\/p>\n<p><strong>Kval<\/strong><\/p>\n<p>Hojen k\u00e4nns bra, har ett hyfsat d\u00e4ck p\u00e5 men \u00e4nd\u00e5 g\u00e5r det mycket<\/p>\n<p>l\u00e5ngsammare \u00e4n jag ens hade trott som s\u00e4mst, \u00f6ver en sek efter<\/p>\n<p>mitt pers. och n\u00e4stan en sek efter n\u00e4rmaste framf\u00f6r, n\u00e4st sist igen.<\/p>\n<p>&nbsp;<\/p>\n<p>\u00c4r s\u00e5 d\u00e5ligt att jag inte kostar p\u00e5 nytt d\u00e4ck till racet, finns ingen<\/p>\n<p>anledning d\u00e5 det inte \u00e4r f\u00e4ste som begr\u00e4nsar min framfart, antingen<\/p>\n<p>\u00e4r det hojen som inte g\u00f6r som jag vill eller s\u00e5 \u00e4r jag inte b\u00e4ttre, f\u00e5r<\/p>\n<p>v\u00e4l ta en allvarlig funderare p\u00e5 vilket av det det \u00e4r..<\/p>\n<p>&nbsp;<\/p>\n<p><strong>Race 1<\/strong><\/p>\n<p>Ut och st\u00e4ll upp, starten g\u00e5r direkt utan warm-up, kommer<\/p>\n<p>iv\u00e4g d\u00e5ligt men \u00e4r inte sist, d\u00e4remot blir jag passerad av alla<\/p>\n<p>ner mot tr\u00f6sen, min hoj \u00c4r verkligen sl\u00f6..<\/p>\n<p>&nbsp;<\/p>\n<p>Ligger sist bakom #15 Robin&nbsp;och #4 Anders, Anders f\u00f6rs\u00f6ker ta<\/p>\n<p>sig f\u00f6rbi Robin hela racet utan att lyckas och jag hittar ingen v\u00e4g<\/p>\n<p>f\u00f6rbi Anders d\u00e4r han f\u00f6rs\u00f6ker s\u00e5 d\u00e4r blir jag kvar.<\/p>\n<p>F\u00f6rs\u00f6ker hitta fart genom dep\u00e5b\u00f6jen s\u00e5 jag ska ligga n\u00e4rmare och<\/p>\n<p>helst kunna ta han i bromsningen efter rakan men jag kan inte<\/p>\n<p>\u00f6ka d\u00e4r, blir fr\u00e5n\u00e5kt och f\u00e5r anv\u00e4nda bromsen och resten av banan att<\/p>\n<p>komma ikapp f\u00f6r att p\u00e5 nytt bli fr\u00e5n\u00e5kt genom dep\u00e5b\u00f6jen&#8230;..<\/p>\n<p>&nbsp;<\/p>\n<p>Slutade sist&#8230;..hade mer att ge men inte s\u00e5 mycket, undrar om det<\/p>\n<p>\u00e4r jag \u00e4nd\u00e5..<\/p>\n<p>&nbsp;<\/p>\n<p><strong>Race2<\/strong><\/p>\n<p>\u00c4n en g\u00e5ng ut och k\u00f6ra, start direkt denna g\u00e5ngen med s\u00e5 bara<\/p>\n<p>st\u00e4lla upp och iv\u00e4g!<\/p>\n<p>Kommer iv\u00e4g bra denna g\u00e5ngen men \u00e4n en g\u00e5ng \u00e4r jag passerad<\/p>\n<p>av de flesta innan bromsning och n\u00e5gra till ur b\u00f6j, ner mot ejes<\/p>\n<p>hade jag bara Anders bakom mig, hans vana trogen startade han<\/p>\n<p>katastrofalt. \ud83d\ude09<\/p>\n<p>&nbsp;<\/p>\n<p>Har #15 framf\u00f6r mig ur ejes och testade att bromsa senare upp<\/p>\n<p>mot h\u00e5rn\u00e5len och det gick ju fint, kom f\u00f6rbi och fick fritt sp\u00e5r<\/p>\n<p>upp\u00e5t tidigt i racet.<\/p>\n<p>Tappar j\u00e4ttemycket p\u00e5 dom genom snabbv\u00e4nstern och dep\u00e5b\u00f6jen,<\/p>\n<p>bromsar mig n\u00e4rmare och kan h\u00e5lla tempot hyfsat till h\u00e5rn\u00e5len men<\/p>\n<p>sen tappar jag igen.<\/p>\n<p>&nbsp;<\/p>\n<p>Tror det var varv 3 som #94 Duerlund gick f\u00f6rbi, han startade fr\u00e5n<\/p>\n<p>dep\u00e5n pga. hojkr\u00e5ngel, h\u00e4nger p\u00e5 bra till esset men n\u00e4r han g\u00e5r p\u00e5 gas,<\/p>\n<p>mycket tidigare \u00e4n jag brukar f\u00f6r att k\u00e4nna att jag ska komma igenom,<\/p>\n<p>f\u00f6rs\u00f6ker jag vrida p\u00e5 samtidigt.<\/p>\n<p>Jag ser han h\u00e5lla sin linje samtidigt som min hoj tar ett kliv p\u00e5 en meter<\/p>\n<p>i sidled, bara tippa av och vrida runt s\u00e5 jag klarar snabbh\u00f6gern innan jag<\/p>\n<p>kan gasa igen, ser han g\u00e5 ifr\u00e5n i varje utg\u00e5ng efter det och f\u00f6rs\u00f6ker jag gasa<\/p>\n<p>tidigare s\u00e5 g\u00e5r hojen rakt.<\/p>\n<p>Sed\u00e4rja, kanske inte bara \u00e4r jag d\u00e5, nu har jag n\u00e5got att jobba p\u00e5!<\/p>\n<p>&nbsp;<\/p>\n<p>Tappar fram\u00e5t men h\u00e5ller min plats, Anders hinner upp mig men<\/p>\n<p>nu \u00e4r det hans tur att ligga bakom och inte komma om. \ud83d\ude00<\/p>\n<p><a href=\"http:\/\/inorbitracing.se\/wp-content\/uploads\/2015\/03\/IMG_9865.jpg\"><img loading=\"lazy\" class=\"alignnone size-medium wp-image-1053\" src=\"http:\/\/inorbitracing.se\/wp-content\/uploads\/2015\/03\/IMG_9865-450x300.jpg\" alt=\"IMG_9865\" width=\"450\" height=\"300\" srcset=\"http:\/\/inorbitracing.se\/wp-content\/uploads\/2015\/03\/IMG_9865-450x300.jpg 450w, http:\/\/inorbitracing.se\/wp-content\/uploads\/2015\/03\/IMG_9865-1024x683.jpg 1024w\" sizes=\"(max-width: 450px) 100vw, 450px\" \/><\/a><\/p>\n<p>Hade iaf 2st bakom mig denna g\u00e5ngen, Success! \ud83d\ude00<\/p>\n<p>&nbsp;<\/p>\n<p>N\u00e5got att jobba p\u00e5 med, beh\u00f6ver dock tid att testa.<\/p>\n<p>&nbsp;<\/p>\n<p><strong>Kval\/tr\u00e4ning s\u00f6ndag<\/strong><\/p>\n<p>Kvalet fr\u00e5n ig\u00e5r g\u00e4llde \u00e4ven idag s\u00e5 jag kunde anv\u00e4nda tiden<\/p>\n<p>till att testa lite olika settings f\u00f6r att kanske f\u00e5 hojen att styra<\/p>\n<p>lite b\u00e4ttre, inga f\u00f6rhoppningar d\u00e5 d\u00e5 tiden \u00e4r kort och jag troligen<\/p>\n<p>beh\u00f6ver en eller flera dagar f\u00f6r att f\u00e5 ordning p\u00e5 den men man<\/p>\n<p>m\u00e5ste ju f\u00f6rs\u00f6ka.<\/p>\n<p>&nbsp;<\/p>\n<p>Testar lite olika, mycket s\u00e4mre och lika fast p\u00e5 ett annat s\u00e4tt, sista<\/p>\n<p>grejen g\u00f6r att hojen faktiskt styr n\u00e4r jag sl\u00e5r p\u00e5, inget perfekt men<\/p>\n<p>han driver inte ut iaf., bara det lilla problemet att han styr Inte<\/p>\n<p>f\u00f6rr\u00e4n jag gasar&#8230;&#8230;.kan ju bli sp\u00e4nnande!<\/p>\n<p>F\u00f6rst n\u00e4r jag vrider p\u00e5 s\u00e5 styr han och d\u00e5 \u00e4r det ju f\u00f6rsent att<\/p>\n<p>\u00e5ngra sig om det \u00e4r f\u00f6r tidigt f\u00f6r sl\u00e4pper jag s\u00e5 styr han ju inte l\u00e4ngre&#8230;.<\/p>\n<p>&nbsp;<\/p>\n<p>N\u00e5ja, avflaggad s\u00e5 det \u00e4r bara att ta beslut om man ska chansa s\u00e5 eller<\/p>\n<p>bli fr\u00e5n\u00e5kt p\u00e5 vanligt maner, beslut beslut. :\/<\/p>\n<p>&nbsp;<\/p>\n<p><strong>Race s\u00f6ndag<\/strong><\/p>\n<p>Tog beslutet att testa det nya s\u00e4ttet att bli fr\u00e5n\u00e5kt p\u00e5, det<\/p>\n<p>gamla hade jag redan testat s\u00e5 det kunde jag nu. \ud83d\ude00<\/p>\n<p>&nbsp;<\/p>\n<p>Hyfsad start denna g\u00e5ngen, blir som vanligt fr\u00e5n\u00e5kt ner\u00e5t b\u00f6j<\/p>\n<p>men det gr\u00f6tar ihop sig f\u00f6r dom och finns en lucka p\u00e5 innern<\/p>\n<p>s\u00e5 den tar jag, bryter mig f\u00f6rbi n\u00e5gra stillast\u00e5ende i f\u00f6rstab\u00f6j<\/p>\n<p>och f\u00e5r fritt mot andra, blir lite tr\u00e5ngt d\u00e4r d\u00e5 jag ligger p\u00e5 insidan<\/p>\n<p>men jag tar mitt sp\u00e5r och killen p\u00e5 utsidan f\u00e5r v\u00e4lja att k\u00f6ra bredvid,<\/p>\n<p>f\u00f6rs\u00f6ka komma f\u00f6rbi och in framf\u00f6r eller backa av, han slog av och la<\/p>\n<p>sig bakom. \ud83d\ude42<\/p>\n<p>&nbsp;<\/p>\n<p>Det g\u00e5r b\u00e4ttre \u00e4n innan att h\u00e4nga p\u00e5 de framf\u00f6r men de g\u00e5r s\u00e5<\/p>\n<p>sakteliga ifr\u00e5n mig utan att jag kan g\u00f6ra n\u00e5got om jag vill vara<\/p>\n<p>kvar p\u00e5 asfalten, n\u00e4r jag f\u00f6rs\u00f6ker driver jag ut och f\u00e5r sl\u00e5 av f\u00f6r<\/p>\n<p>att ta omtag.<\/p>\n<p>&nbsp;<\/p>\n<p>Alla bakom kom f\u00f6rbi&nbsp;allteftersom och \u00e5kte ifr\u00e5n mig, #4 Anders<\/p>\n<p>tog sig med om&nbsp;men han kunde jag h\u00e5lla inom synh\u00e5ll.<\/p>\n<p>B\u00f6rjade n\u00e4rma mig n\u00e4r det&nbsp;var4 varv kvar och fokuserade f\u00f6r att<\/p>\n<p>f\u00f6rs\u00f6ka ta mig ikapp och f\u00f6rbi men n\u00e4r jag inte kan \u00f6ka i dep\u00e5b\u00f6jen<\/p>\n<p>s\u00e5 kommer jag inte upp s\u00e5 jag kan ta mig om, tappar lite s\u00e5 han f\u00e5r en<\/p>\n<p>lucka n\u00e4st sista varvet och d\u00e5 k\u00e4nde jag att det var k\u00f6rt.<\/p>\n<p>F\u00f6rs\u00f6kte ligga n\u00e4ra ifall han skulle g\u00f6ra n\u00e5gon miss men han h\u00f6ll<\/p>\n<p>fint \u00e4nda in i kaklet, slutade mindre \u00e4n en sekund efter s\u00e5 det f\u00e5r<\/p>\n<p>v\u00e4l vara bra \u00e4nd\u00e5, fick han revansch fr\u00e5n andra-racet med. \ud83d\ude42<\/p>\n<p>&nbsp;<\/p>\n<p>&nbsp;<\/p>\n<p><strong>Epilog<\/strong><\/p>\n<p>Efter bikeweek tog jag beslut om att g\u00f6ra hojen lite mer<\/p>\n<p>konkurrenskraftig, vid inv\u00e4gningen s\u00e5 var jag n\u00e4stan 15kg<\/p>\n<p>tyngre \u00e4n de l\u00e4ttaste, kan ju p\u00e5verka att jag blir fr\u00e5n\u00e5kt<\/p>\n<p>mot f\u00f6rsta.<\/p>\n<p>S\u00e5 jag skaffade helsystem f\u00f6r att f\u00e5 bort lite vikt, det och lite<\/p>\n<p>annat s\u00e5 vart jag 8,5kg l\u00e4ttare.<\/p>\n<p>&nbsp;<\/p>\n<p>N\u00e4sta blev att f\u00f6rs\u00f6ka f\u00e5 till s\u00e5 han styr men det gick det lite<\/p>\n<p>s\u00e4mre med, testade en massa men inget som gjorde att jag fick<\/p>\n<p>den d\u00e4r sk\u00f6na k\u00e4nslan s\u00e5 jag beslutade att ta nya tag 2015 ist\u00e4llet<\/p>\n<p>och stod d\u00e4rf\u00f6r \u00f6ver resterande race f\u00f6r s\u00e4songen.<\/p>\n<p>&nbsp;<\/p>\n<p>P\u00e5 \u00e5terseende 2015<\/p>\n<p>Med v\u00e4nlig h\u00e4lsning<\/p>\n<p>Henrik<\/p>\n<p><a href=\"http:\/\/inorbitracing.se\/wp-content\/uploads\/2015\/03\/IMG_9900.jpg\"><img loading=\"lazy\" class=\"alignnone size-medium wp-image-1054\" src=\"http:\/\/inorbitracing.se\/wp-content\/uploads\/2015\/03\/IMG_9900-450x300.jpg\" alt=\"IMG_9900\" width=\"450\" height=\"300\" srcset=\"http:\/\/inorbitracing.se\/wp-content\/uploads\/2015\/03\/IMG_9900-450x300.jpg 450w, http:\/\/inorbitracing.se\/wp-content\/uploads\/2015\/03\/IMG_9900-1024x683.jpg 1024w\" sizes=\"(max-width: 450px) 100vw, 450px\" \/><\/a><\/p>\n<p>&nbsp;<\/p>\n<p>&nbsp;<\/p>\n","protected":false},"excerpt":{"rendered":"<p>Dags igen d\u00e5, Sviestad denna g\u00e5ng. &nbsp; Inget att skriva om, inte Bikeweek heller s\u00e5 jag sammanfattar b\u00e4gge lite kort h\u00e4r. &nbsp; Antingen \u00e4r jag inte b\u00e4ttre \u00e4n s\u00e5h\u00e4r eller s\u00e5 \u00e4r det n\u00e5got som g\u00f6r att jag inte kan f\u00e5 till det sista, oavsett s\u00e5 \u00e4r det bara att testa vidare f\u00f6r att f\u00e5 [&hellip;]<\/p>\n","protected":false},"author":2,"featured_media":0,"comment_status":"closed","ping_status":"closed","sticky":false,"template":"","format":"standard","meta":[],"categories":[6],"tags":[],"_links":{"self":[{"href":"http:\/\/inorbitracing.se\/index.php?rest_route=\/wp\/v2\/posts\/1048"}],"collection":[{"href":"http:\/\/inorbitracing.se\/index.php?rest_route=\/wp\/v2\/posts"}],"about":[{"href":"http:\/\/inorbitracing.se\/index.php?rest_route=\/wp\/v2\/types\/post"}],"author":[{"embeddable":true,"href":"http:\/\/inorbitracing.se\/index.php?rest_route=\/wp\/v2\/users\/2"}],"replies":[{"embeddable":true,"href":"http:\/\/inorbitracing.se\/index.php?rest_route=%2Fwp%2Fv2%2Fcomments&post=1048"}],"version-history":[{"count":4,"href":"http:\/\/inorbitracing.se\/index.php?rest_route=\/wp\/v2\/posts\/1048\/revisions"}],"predecessor-version":[{"id":1061,"href":"http:\/\/inorbitracing.se\/index.php?rest_route=\/wp\/v2\/posts\/1048\/revisions\/1061"}],"wp:attachment":[{"href":"http:\/\/inorbitracing.se\/index.php?rest_route=%2Fwp%2Fv2%2Fmedia&parent=1048"}],"wp:term":[{"taxonomy":"category","embeddable":true,"href":"http:\/\/inorbitracing.se\/index.php?rest_route=%2Fwp%2Fv2%2Fcategories&post=1048"},{"taxonomy":"post_tag","embeddable":true,"href":"http:\/\/inorbitracing.se\/index.php?rest_route=%2Fwp%2Fv2%2Ftags&post=1048"}],"curies":[{"name":"wp","href":"https:\/\/api.w.org\/{rel}","templated":true}]}}